{"id":2566,"date":"2024-06-18T10:10:25","date_gmt":"2024-06-18T10:10:25","guid":{"rendered":"https:\/\/dantepraga.cz\/?p=2566"},"modified":"2024-06-26T12:10:45","modified_gmt":"2024-06-26T12:10:45","slug":"vaclava-suchankova","status":"publish","type":"post","link":"https:\/\/dantepraga.cz\/it\/2024\/06\/18\/vaclava-suchankova\/","title":{"rendered":"Tom\u00e1\u0161 \u0160ponar"},"content":{"rendered":"<div data-elementor-type=\"wp-post\" data-elementor-id=\"2566\" class=\"elementor elementor-2566\" data-elementor-post-type=\"post\">\n\t\t\t\t<div class=\"elementor-element elementor-element-ca4217e e-flex e-con-boxed e-con e-parent\" data-id=\"ca4217e\" data-element_type=\"container\">\n\t\t\t\t\t<div class=\"e-con-inner\">\n\t\t\t\t<div class=\"elementor-element elementor-element-7b97740 elementor-widget elementor-widget-heading\" data-id=\"7b97740\" data-element_type=\"widget\" data-widget_type=\"heading.default\">\n\t\t\t\t<div class=\"elementor-widget-container\">\n\t\t\t<h2 class=\"elementor-heading-title elementor-size-default\">\"Gestione positiva e atmosfera amichevole sia nella scuola che, soprattutto, nel corso stesso. Metodo di insegnamento 'organico', che non si basa solo sulla memorizzazione, ma coinvolge naturalmente nel tema e nella lingua. S\u00ec, raccomanderei la scuola ai miei conoscenti.\"\n<\/h2>\t\t<\/div>\n\t\t\t\t<\/div>\n\t\t\t\t\t<\/div>\n\t\t\t\t<\/div>\n\t\t\t\t<\/div>","protected":false},"excerpt":{"rendered":"<p>\u201ePozitivn\u00ed veden\u00ed a p\u0159\u00e1telsk\u00e1 atmosf\u00e9ra jak ve \u0161kole, tak zejm\u00ed\u00e9a samotn\u00e9m kurzu. &#8222;Organick\u00e1&#8220; metoda v\u00fduky, kter\u00e1 nen\u00ed zalo\u017eena na pouh\u00e9m memorov\u00e1n\u00ed, ale p\u0159irozen\u011b vtahuje do t\u00e9matu a jazyka. Ano doporu\u010dil bych \u0161kolu zn\u00e1m\u00fdm. \u201c<\/p>","protected":false},"author":1,"featured_media":0,"comment_status":"open","ping_status":"closed","sticky":false,"template":"","format":"standard","meta":{"footnotes":""},"categories":[10],"tags":[],"class_list":["post-2566","post","type-post","status-publish","format-standard","hentry","category-references","entry"],"yoast_head":"<!-- This site is optimized with the Yoast SEO plugin v26.8 - https:\/\/yoast.com\/product\/yoast-seo-wordpress\/ -->\n<title>Tom\u00e1\u0161 \u0160ponar - Dante Praga<\/title>\n<meta name=\"robots\" content=\"index, follow, max-snippet:-1, max-image-preview:large, max-video-preview:-1\" \/>\n<link rel=\"canonical\" href=\"https:\/\/dantepraga.cz\/it\/2024\/06\/18\/vaclava-suchankova\/\" \/>\n<meta property=\"og:locale\" content=\"it_IT\" \/>\n<meta property=\"og:type\" content=\"article\" \/>\n<meta property=\"og:title\" content=\"Tom\u00e1\u0161 \u0160ponar - Dante Praga\" \/>\n<meta property=\"og:description\" content=\"\u201ePozitivn\u00ed veden\u00ed a p\u0159\u00e1telsk\u00e1 atmosf\u00e9ra jak ve \u0161kole, tak zejm\u00ed\u00e9a samotn\u00e9m kurzu. &#8222;Organick\u00e1&#8220; metoda v\u00fduky, kter\u00e1 nen\u00ed zalo\u017eena na pouh\u00e9m memorov\u00e1n\u00ed, ale p\u0159irozen\u011b vtahuje do t\u00e9matu a jazyka. Ano doporu\u010dil bych \u0161kolu zn\u00e1m\u00fdm. \u201c\" \/>\n<meta property=\"og:url\" content=\"https:\/\/dantepraga.cz\/it\/2024\/06\/18\/vaclava-suchankova\/\" \/>\n<meta property=\"og:site_name\" content=\"Dante Praga\" \/>\n<meta property=\"article:publisher\" content=\"https:\/\/www.facebook.com\/dantealighieripraga\/\" \/>\n<meta property=\"article:published_time\" content=\"2024-06-18T10:10:25+00:00\" \/>\n<meta property=\"article:modified_time\" content=\"2024-06-26T12:10:45+00:00\" \/>\n<meta name=\"author\" content=\"novak@mycat.cz\" \/>\n<meta name=\"twitter:card\" content=\"summary_large_image\" \/>\n<meta name=\"twitter:label1\" content=\"Scritto da\" \/>\n\t<meta name=\"twitter:data1\" content=\"novak@mycat.cz\" \/>\n<script type=\"application\/ld+json\" class=\"yoast-schema-graph\">{\"@context\":\"https:\/\/schema.org\",\"@graph\":[{\"@type\":\"Article\",\"@id\":\"https:\/\/dantepraga.cz\/2024\/06\/18\/vaclava-suchankova\/#article\",\"isPartOf\":{\"@id\":\"https:\/\/dantepraga.cz\/2024\/06\/18\/vaclava-suchankova\/\"},\"author\":{\"name\":\"novak@mycat.cz\",\"@id\":\"https:\/\/dantepraga.cz\/#\/schema\/person\/cb3a2e38e96966403565d1369eaac332\"},\"headline\":\"Tom\u00e1\u0161 \u0160ponar\",\"datePublished\":\"2024-06-18T10:10:25+00:00\",\"dateModified\":\"2024-06-26T12:10:45+00:00\",\"mainEntityOfPage\":{\"@id\":\"https:\/\/dantepraga.cz\/2024\/06\/18\/vaclava-suchankova\/\"},\"wordCount\":48,\"commentCount\":0,\"publisher\":{\"@id\":\"https:\/\/dantepraga.cz\/#organization\"},\"articleSection\":[\"Reference student\u016f\"],\"inLanguage\":\"it-IT\",\"potentialAction\":[{\"@type\":\"CommentAction\",\"name\":\"Comment\",\"target\":[\"https:\/\/dantepraga.cz\/2024\/06\/18\/vaclava-suchankova\/#respond\"]}]},{\"@type\":\"WebPage\",\"@id\":\"https:\/\/dantepraga.cz\/2024\/06\/18\/vaclava-suchankova\/\",\"url\":\"https:\/\/dantepraga.cz\/2024\/06\/18\/vaclava-suchankova\/\",\"name\":\"Tom\u00e1\u0161 \u0160ponar - Dante Praga\",\"isPartOf\":{\"@id\":\"https:\/\/dantepraga.cz\/#website\"},\"datePublished\":\"2024-06-18T10:10:25+00:00\",\"dateModified\":\"2024-06-26T12:10:45+00:00\",\"breadcrumb\":{\"@id\":\"https:\/\/dantepraga.cz\/2024\/06\/18\/vaclava-suchankova\/#breadcrumb\"},\"inLanguage\":\"it-IT\",\"potentialAction\":[{\"@type\":\"ReadAction\",\"target\":[\"https:\/\/dantepraga.cz\/2024\/06\/18\/vaclava-suchankova\/\"]}]},{\"@type\":\"BreadcrumbList\",\"@id\":\"https:\/\/dantepraga.cz\/2024\/06\/18\/vaclava-suchankova\/#breadcrumb\",\"itemListElement\":[{\"@type\":\"ListItem\",\"position\":1,\"name\":\"Home\",\"item\":\"https:\/\/dantepraga.cz\/\"},{\"@type\":\"ListItem\",\"position\":2,\"name\":\"Tom\u00e1\u0161 \u0160ponar\"}]},{\"@type\":\"WebSite\",\"@id\":\"https:\/\/dantepraga.cz\/#website\",\"url\":\"https:\/\/dantepraga.cz\/\",\"name\":\"Dante Praga\",\"description\":\"\",\"publisher\":{\"@id\":\"https:\/\/dantepraga.cz\/#organization\"},\"alternateName\":\"SOCIET\u00c0 DANTE ALIGHIERI\",\"potentialAction\":[{\"@type\":\"SearchAction\",\"target\":{\"@type\":\"EntryPoint\",\"urlTemplate\":\"https:\/\/dantepraga.cz\/?s={search_term_string}\"},\"query-input\":{\"@type\":\"PropertyValueSpecification\",\"valueRequired\":true,\"valueName\":\"search_term_string\"}}],\"inLanguage\":\"it-IT\"},{\"@type\":\"Organization\",\"@id\":\"https:\/\/dantepraga.cz\/#organization\",\"name\":\"Dante Praga\",\"url\":\"https:\/\/dantepraga.cz\/\",\"logo\":{\"@type\":\"ImageObject\",\"inLanguage\":\"it-IT\",\"@id\":\"https:\/\/dantepraga.cz\/#\/schema\/logo\/image\/\",\"url\":\"https:\/\/dantepraga.cz\/wp-content\/uploads\/2025\/04\/cropped-logo-dantepraga-new.png\",\"contentUrl\":\"https:\/\/dantepraga.cz\/wp-content\/uploads\/2025\/04\/cropped-logo-dantepraga-new.png\",\"width\":400,\"height\":136,\"caption\":\"Dante Praga\"},\"image\":{\"@id\":\"https:\/\/dantepraga.cz\/#\/schema\/logo\/image\/\"},\"sameAs\":[\"https:\/\/www.facebook.com\/dantealighieripraga\/\"]},{\"@type\":\"Person\",\"@id\":\"https:\/\/dantepraga.cz\/#\/schema\/person\/cb3a2e38e96966403565d1369eaac332\",\"name\":\"novak@mycat.cz\",\"image\":{\"@type\":\"ImageObject\",\"inLanguage\":\"it-IT\",\"@id\":\"https:\/\/dantepraga.cz\/#\/schema\/person\/image\/\",\"url\":\"https:\/\/secure.gravatar.com\/avatar\/59a9cac27c2691898d0d67b6af06d73974a7ace3b8843842695eb23108c39b76?s=96&d=mm&r=g\",\"contentUrl\":\"https:\/\/secure.gravatar.com\/avatar\/59a9cac27c2691898d0d67b6af06d73974a7ace3b8843842695eb23108c39b76?s=96&d=mm&r=g\",\"caption\":\"novak@mycat.cz\"},\"sameAs\":[\"https:\/\/dantepraga.cz\"],\"url\":\"https:\/\/dantepraga.cz\/it\/author\/novakmycat-cz\/\"}]}<\/script>\n<!-- \/ Yoast SEO plugin. -->","yoast_head_json":{"title":"Tom\u00e1\u0161 \u0160ponar - Dante Praga","robots":{"index":"index","follow":"follow","max-snippet":"max-snippet:-1","max-image-preview":"max-image-preview:large","max-video-preview":"max-video-preview:-1"},"canonical":"https:\/\/dantepraga.cz\/it\/2024\/06\/18\/vaclava-suchankova\/","og_locale":"it_IT","og_type":"article","og_title":"Tom\u00e1\u0161 \u0160ponar - Dante Praga","og_description":"\u201ePozitivn\u00ed veden\u00ed a p\u0159\u00e1telsk\u00e1 atmosf\u00e9ra jak ve \u0161kole, tak zejm\u00ed\u00e9a samotn\u00e9m kurzu. &#8222;Organick\u00e1&#8220; metoda v\u00fduky, kter\u00e1 nen\u00ed zalo\u017eena na pouh\u00e9m memorov\u00e1n\u00ed, ale p\u0159irozen\u011b vtahuje do t\u00e9matu a jazyka. Ano doporu\u010dil bych \u0161kolu zn\u00e1m\u00fdm. \u201c","og_url":"https:\/\/dantepraga.cz\/it\/2024\/06\/18\/vaclava-suchankova\/","og_site_name":"Dante Praga","article_publisher":"https:\/\/www.facebook.com\/dantealighieripraga\/","article_published_time":"2024-06-18T10:10:25+00:00","article_modified_time":"2024-06-26T12:10:45+00:00","author":"novak@mycat.cz","twitter_card":"summary_large_image","twitter_misc":{"Scritto da":"novak@mycat.cz"},"schema":{"@context":"https:\/\/schema.org","@graph":[{"@type":"Article","@id":"https:\/\/dantepraga.cz\/2024\/06\/18\/vaclava-suchankova\/#article","isPartOf":{"@id":"https:\/\/dantepraga.cz\/2024\/06\/18\/vaclava-suchankova\/"},"author":{"name":"novak@mycat.cz","@id":"https:\/\/dantepraga.cz\/#\/schema\/person\/cb3a2e38e96966403565d1369eaac332"},"headline":"Tom\u00e1\u0161 \u0160ponar","datePublished":"2024-06-18T10:10:25+00:00","dateModified":"2024-06-26T12:10:45+00:00","mainEntityOfPage":{"@id":"https:\/\/dantepraga.cz\/2024\/06\/18\/vaclava-suchankova\/"},"wordCount":48,"commentCount":0,"publisher":{"@id":"https:\/\/dantepraga.cz\/#organization"},"articleSection":["Reference student\u016f"],"inLanguage":"it-IT","potentialAction":[{"@type":"CommentAction","name":"Comment","target":["https:\/\/dantepraga.cz\/2024\/06\/18\/vaclava-suchankova\/#respond"]}]},{"@type":"WebPage","@id":"https:\/\/dantepraga.cz\/2024\/06\/18\/vaclava-suchankova\/","url":"https:\/\/dantepraga.cz\/2024\/06\/18\/vaclava-suchankova\/","name":"Tom\u00e1\u0161 \u0160ponar - Dante Praga","isPartOf":{"@id":"https:\/\/dantepraga.cz\/#website"},"datePublished":"2024-06-18T10:10:25+00:00","dateModified":"2024-06-26T12:10:45+00:00","breadcrumb":{"@id":"https:\/\/dantepraga.cz\/2024\/06\/18\/vaclava-suchankova\/#breadcrumb"},"inLanguage":"it-IT","potentialAction":[{"@type":"ReadAction","target":["https:\/\/dantepraga.cz\/2024\/06\/18\/vaclava-suchankova\/"]}]},{"@type":"BreadcrumbList","@id":"https:\/\/dantepraga.cz\/2024\/06\/18\/vaclava-suchankova\/#breadcrumb","itemListElement":[{"@type":"ListItem","position":1,"name":"Home","item":"https:\/\/dantepraga.cz\/"},{"@type":"ListItem","position":2,"name":"Tom\u00e1\u0161 \u0160ponar"}]},{"@type":"WebSite","@id":"https:\/\/dantepraga.cz\/#website","url":"https:\/\/dantepraga.cz\/","name":"Dante Praga","description":"","publisher":{"@id":"https:\/\/dantepraga.cz\/#organization"},"alternateName":"SOCIET\u00c0 DANTE ALIGHIERI","potentialAction":[{"@type":"SearchAction","target":{"@type":"EntryPoint","urlTemplate":"https:\/\/dantepraga.cz\/?s={search_term_string}"},"query-input":{"@type":"PropertyValueSpecification","valueRequired":true,"valueName":"search_term_string"}}],"inLanguage":"it-IT"},{"@type":"Organization","@id":"https:\/\/dantepraga.cz\/#organization","name":"Dante Praga","url":"https:\/\/dantepraga.cz\/","logo":{"@type":"ImageObject","inLanguage":"it-IT","@id":"https:\/\/dantepraga.cz\/#\/schema\/logo\/image\/","url":"https:\/\/dantepraga.cz\/wp-content\/uploads\/2025\/04\/cropped-logo-dantepraga-new.png","contentUrl":"https:\/\/dantepraga.cz\/wp-content\/uploads\/2025\/04\/cropped-logo-dantepraga-new.png","width":400,"height":136,"caption":"Dante Praga"},"image":{"@id":"https:\/\/dantepraga.cz\/#\/schema\/logo\/image\/"},"sameAs":["https:\/\/www.facebook.com\/dantealighieripraga\/"]},{"@type":"Person","@id":"https:\/\/dantepraga.cz\/#\/schema\/person\/cb3a2e38e96966403565d1369eaac332","name":"novak@mycat.cz","image":{"@type":"ImageObject","inLanguage":"it-IT","@id":"https:\/\/dantepraga.cz\/#\/schema\/person\/image\/","url":"https:\/\/secure.gravatar.com\/avatar\/59a9cac27c2691898d0d67b6af06d73974a7ace3b8843842695eb23108c39b76?s=96&d=mm&r=g","contentUrl":"https:\/\/secure.gravatar.com\/avatar\/59a9cac27c2691898d0d67b6af06d73974a7ace3b8843842695eb23108c39b76?s=96&d=mm&r=g","caption":"novak@mycat.cz"},"sameAs":["https:\/\/dantepraga.cz"],"url":"https:\/\/dantepraga.cz\/it\/author\/novakmycat-cz\/"}]}},"_links":{"self":[{"href":"https:\/\/dantepraga.cz\/it\/wp-json\/wp\/v2\/posts\/2566","targetHints":{"allow":["GET"]}}],"collection":[{"href":"https:\/\/dantepraga.cz\/it\/wp-json\/wp\/v2\/posts"}],"about":[{"href":"https:\/\/dantepraga.cz\/it\/wp-json\/wp\/v2\/types\/post"}],"author":[{"embeddable":true,"href":"https:\/\/dantepraga.cz\/it\/wp-json\/wp\/v2\/users\/1"}],"replies":[{"embeddable":true,"href":"https:\/\/dantepraga.cz\/it\/wp-json\/wp\/v2\/comments?post=2566"}],"version-history":[{"count":0,"href":"https:\/\/dantepraga.cz\/it\/wp-json\/wp\/v2\/posts\/2566\/revisions"}],"wp:attachment":[{"href":"https:\/\/dantepraga.cz\/it\/wp-json\/wp\/v2\/media?parent=2566"}],"wp:term":[{"taxonomy":"category","embeddable":true,"href":"https:\/\/dantepraga.cz\/it\/wp-json\/wp\/v2\/categories?post=2566"},{"taxonomy":"post_tag","embeddable":true,"href":"https:\/\/dantepraga.cz\/it\/wp-json\/wp\/v2\/tags?post=2566"}],"curies":[{"name":"wp","href":"https:\/\/api.w.org\/{rel}","templated":true}]}}