{"id":3325,"date":"2024-06-26T13:59:32","date_gmt":"2024-06-26T13:59:32","guid":{"rendered":"https:\/\/dantepraga.cz\/?p=3325"},"modified":"2026-01-25T16:28:44","modified_gmt":"2026-01-25T16:28:44","slug":"soboty-pro-deti","status":"publish","type":"post","link":"https:\/\/dantepraga.cz\/it\/2024\/06\/26\/soboty-pro-deti\/","title":{"rendered":"SABATI ITALIANI ALLA DANTE"},"content":{"rendered":"<div data-elementor-type=\"wp-post\" data-elementor-id=\"3325\" class=\"elementor elementor-3325\" data-elementor-post-type=\"post\">\n\t\t\t\t<div class=\"elementor-element elementor-element-1f8d0a1 e-flex e-con-boxed e-con e-parent\" data-id=\"1f8d0a1\" data-element_type=\"container\">\n\t\t\t\t\t<div class=\"e-con-inner\">\n\t\t<div class=\"elementor-element elementor-element-90f381f e-flex e-con-boxed e-con e-child\" data-id=\"90f381f\" data-element_type=\"container\">\n\t\t\t\t\t<div class=\"e-con-inner\">\n\t\t<div class=\"elementor-element elementor-element-2ae4a3d e-flex e-con-boxed e-con e-child\" data-id=\"2ae4a3d\" data-element_type=\"container\">\n\t\t\t\t\t<div class=\"e-con-inner\">\n\t\t\t\t<div class=\"elementor-element elementor-element-b24b061 elementor-widget__width-initial elementor-widget elementor-widget-heading\" data-id=\"b24b061\" data-element_type=\"widget\" data-widget_type=\"heading.default\">\n\t\t\t\t<div class=\"elementor-widget-container\">\n\t\t\t<h2 class=\"elementor-heading-title elementor-size-default\">SABATI ITALIANI PER BAMBINI <\/h2>\t\t<\/div>\n\t\t\t\t<\/div>\n\t\t\t\t\t<\/div>\n\t\t\t\t<\/div>\n\t\t\t\t<div class=\"elementor-element elementor-element-a6c1167 elementor-widget elementor-widget-text-editor\" data-id=\"a6c1167\" data-element_type=\"widget\" data-widget_type=\"text-editor.default\">\n\t\t\t\t<div class=\"elementor-widget-container\">\n\t\t\t\t\t\t\t<p>I sabati italiani sono pomeriggi a tema dedicati ai bambini che vogliono imparare l'italiano in modo divertente!<br \/>Attraverso giochi, laboratori creativi, attivit\u00e0 manuali e momenti di condivisione, i bambini avranno la<br \/>\u2022 fare amicizia\ud83e\udd1d<br \/>\u2022 imparare e praticare l'italiano in modo naturale \ud83c\uddee\ud83c\uddf9<br \/>\u2022 scoprire la cultura italiana \ud83c\udfa8\ud83c\udfad<br \/>\u2022 sviluppare la creativit\u00e0 e la curiosit\u00e0 \u2702\ufe0f\ud83d\udcda<br \/>Ogni incontro \u00e8 un piccolo viaggio in Italia, dove i bambini imparano attraverso l'attivit\u00e0, crescono insieme, senza stress e con tanta allegria!<br \/><strong>GIORNO E ORARIO<\/strong> 14 e 21 febbraio \/ 7 e 21 marzo \/ 11 e 18 aprile \/ 16 e 30 maggio \/ 6 e 13 giugno, sempre dalle 15.30 alle 17.30<br \/><strong>Per chi:<\/strong> per tutti i bambini dai 4 agli 11 anni che studiano italiano, sono bilingui o hanno l'italiano come lingua madre.<br \/>\ud83d\udcb0 <strong>Prezzo<\/strong><br \/>\u2022 Pacchetto completo: 4500 CZK<br \/>\u2022 Singolo incontro: 500 CZK<br \/>Un'occasione unica per trascorrere il sabato pomeriggio in modo educativo e stimolante, tutto in italiano! \ud83c\uddee\ud83c\uddf9\ud83d\udc9b<\/p><p>Per ulteriori informazioni non esitate a contattarci all'indirizzo:\u00a0<a href=\"mailto:corsibambini@dantepraga.cz\">corsibambini@dantepraga.cz<\/a><\/p><p><a href=\"https:\/\/dantepraga.cz\/it\/specialni-a-tematicke-kurzy-italstiny-pro-deti\/\">SCHEDA D'ISCRIZIONE:<\/a><\/p><p><a class=\"x1i10hfl xjbqb8w x1ejq31n x18oe1m7 x1sy0etr xstzfhl x972fbf x10w94by x1qhh985 x14e42zd x9f619 x1ypdohk xt0psk2 x3ct3a4 xdj266r x14z9mp xat24cr x1lziwak xexx8yu xyri2b x18d9i69 x1c1uobl x16tdsg8 x1hl2dhg xggy1nq x1a2a7pz _aa9_ _a6hd\" tabindex=\"0\" role=\"link\" href=\"https:\/\/www.instagram.com\/explore\/tags\/dantepraga\/\">#dantepraga<\/a>\u00a0<a class=\"x1i10hfl xjbqb8w x1ejq31n x18oe1m7 x1sy0etr xstzfhl x972fbf x10w94by x1qhh985 x14e42zd x9f619 x1ypdohk xt0psk2 x3ct3a4 xdj266r x14z9mp xat24cr x1lziwak xexx8yu xyri2b x18d9i69 x1c1uobl x16tdsg8 x1hl2dhg xggy1nq x1a2a7pz _aa9_ _a6hd\" tabindex=\"0\" role=\"link\" href=\"https:\/\/www.instagram.com\/explore\/tags\/sabatiitaliani\/\">#sabatiitaliani<\/a>\u00a0<a class=\"x1i10hfl xjbqb8w x1ejq31n x18oe1m7 x1sy0etr xstzfhl x972fbf x10w94by x1qhh985 x14e42zd x9f619 x1ypdohk xt0psk2 x3ct3a4 xdj266r x14z9mp xat24cr x1lziwak xexx8yu xyri2b x18d9i69 x1c1uobl x16tdsg8 x1hl2dhg xggy1nq x1a2a7pz _aa9_ _a6hd\" tabindex=\"0\" role=\"link\" href=\"https:\/\/www.instagram.com\/explore\/tags\/italiano\/\">#italiano<\/a>\u00a0<a class=\"x1i10hfl xjbqb8w x1ejq31n x18oe1m7 x1sy0etr xstzfhl x972fbf x10w94by x1qhh985 x14e42zd x9f619 x1ypdohk xt0psk2 x3ct3a4 xdj266r x14z9mp xat24cr x1lziwak xexx8yu xyri2b x18d9i69 x1c1uobl x16tdsg8 x1hl2dhg xggy1nq x1a2a7pz _aa9_ _a6hd\" tabindex=\"0\" role=\"link\" href=\"https:\/\/www.instagram.com\/explore\/tags\/jazykovky\/\">#jazykovky<\/a>\u00a0<a class=\"x1i10hfl xjbqb8w x1ejq31n x18oe1m7 x1sy0etr xstzfhl x972fbf x10w94by x1qhh985 x14e42zd x9f619 x1ypdohk xt0psk2 x3ct3a4 xdj266r x14z9mp xat24cr x1lziwak xexx8yu xyri2b x18d9i69 x1c1uobl x16tdsg8 x1hl2dhg xggy1nq x1a2a7pz _aa9_ _a6hd\" tabindex=\"0\" role=\"link\" href=\"https:\/\/www.instagram.com\/explore\/tags\/deti\/\">#deti<\/a><\/p>\t\t\t\t\t\t<\/div>\n\t\t\t\t<\/div>\n\t\t\t\t\t<\/div>\n\t\t\t\t<\/div>\n\t\t\t\t\t<\/div>\n\t\t\t\t<\/div>\n\t\t<div class=\"elementor-element elementor-element-5476a1e e-flex e-con-boxed e-con e-parent\" data-id=\"5476a1e\" data-element_type=\"container\">\n\t\t\t\t\t<div class=\"e-con-inner\">\n\t\t\t\t<div class=\"elementor-element elementor-element-13f3806 elementor-widget elementor-widget-image\" data-id=\"13f3806\" data-element_type=\"widget\" data-widget_type=\"image.default\">\n\t\t\t\t<div class=\"elementor-widget-container\">\n\t\t\t\t\t\t\t\t\t\t\t\t\t<img fetchpriority=\"high\" decoding=\"async\" width=\"724\" height=\"1024\" src=\"https:\/\/dantepraga.cz\/wp-content\/uploads\/2024\/06\/Volantino-sabati-italiani-2026-ceco-724x1024.png\" class=\"attachment-large size-large wp-image-9049\" alt=\"Italsk\u00e9 soboty\" srcset=\"https:\/\/dantepraga.cz\/wp-content\/uploads\/2024\/06\/Volantino-sabati-italiani-2026-ceco-724x1024.png 724w, https:\/\/dantepraga.cz\/wp-content\/uploads\/2024\/06\/Volantino-sabati-italiani-2026-ceco-212x300.png 212w, https:\/\/dantepraga.cz\/wp-content\/uploads\/2024\/06\/Volantino-sabati-italiani-2026-ceco-768x1086.png 768w, https:\/\/dantepraga.cz\/wp-content\/uploads\/2024\/06\/Volantino-sabati-italiani-2026-ceco-1086x1536.png 1086w, https:\/\/dantepraga.cz\/wp-content\/uploads\/2024\/06\/Volantino-sabati-italiani-2026-ceco-8x12.png 8w, https:\/\/dantepraga.cz\/wp-content\/uploads\/2024\/06\/Volantino-sabati-italiani-2026-ceco-e1769357632538.png 250w\" sizes=\"(max-width: 724px) 100vw, 724px\" \/>\t\t\t\t\t\t\t\t\t\t\t\t\t<\/div>\n\t\t\t\t<\/div>\n\t\t\t\t\t<\/div>\n\t\t\t\t<\/div>\n\t\t\t\t<\/div>","protected":false},"excerpt":{"rendered":"<p>I sabati italiani sono pomeriggi a tema dedicati ai bambini che vogliono imparare l'italiano in modo divertente!<br \/>\nAttraverso giochi, laboratori creativi, attivit\u00e0 manuali e momenti di condivisione, i bambini avranno la<br \/>\n\u2022 fare amicizia\ud83e\udd1d<br \/>\n\u2022 imparare e praticare l'italiano in modo naturale \ud83c\uddee\ud83c\uddf9<br \/>\n\u2022 scoprire la cultura italiana \ud83c\udfa8\ud83c\udfad<br \/>\n\u2022 sviluppare la creativit\u00e0 e la curiosit\u00e0 \u2702\ufe0f\ud83d\udcda<br \/>\nOgni incontro \u00e8 un piccolo viaggio in Italia, dove i bambini imparano attraverso l'attivit\u00e0, crescono insieme, senza stress e con tanta allegria!<br \/>\nRozvrh: 14. a 21. \u00fanora \/ 7. a 21. b\u0159ezna \/ 11. a 18. dubna \/ 16. a 30. kv\u011btna \/ 6. a 13. \u010dervna v\u017edy od 15.30 do 17.30<br \/>\nPro koho: pro v\u0161echny d\u011bti ve v\u011bku od 4 do 11 let, kter\u00e9 studuj\u00ed ital\u0161tinu, jsou bilingvn\u00ed nebo maj\u00ed ital\u0161tinu jako mate\u0159sk\u00fd jazyk.<br \/>\n\ud83d\udcb0 Cena<br \/>\n\u2022 Pacchetto completo: 4500 CZK<br \/>\n\u2022 Singolo incontro: 500 CZK<br \/>\nUn'occasione unica per trascorrere il sabato pomeriggio in modo educativo e stimolante, tutto in italiano! \ud83c\uddee\ud83c\uddf9\ud83d\udc9b<br \/>\nPro dal\u0161\u00ed informace n\u00e1s nev\u00e1hejte kontaktovat na:\u00a0corsibambini@dantepraga.cz&#8230;<\/p>","protected":false},"author":1,"featured_media":9049,"comment_status":"open","ping_status":"closed","sticky":false,"template":"","format":"standard","meta":{"footnotes":""},"categories":[11],"tags":[],"class_list":["post-3325","post","type-post","status-publish","format-standard","has-post-thumbnail","hentry","category-news","entry","has-media"],"yoast_head":"<!-- This site is optimized with the Yoast SEO plugin v26.8 - https:\/\/yoast.com\/product\/yoast-seo-wordpress\/ -->\n<title>ITALSK\u00c9 SOBOTY PRO D\u011aTI V DANTE - Dante Praga<\/title>\n<meta name=\"description\" content=\"Ital\u0161tina z\u00e1bavnou formou pro v\u0161echny d\u011bti 4-11 let, kter\u00e9 se u\u010d\u00ed ital\u0161tinu, jsou bilingvn\u00ed nebo jsou rodil\u00fdmi mluv\u010d\u00edmi ital\u0161tiny\" \/>\n<meta name=\"robots\" content=\"index, follow, max-snippet:-1, max-image-preview:large, max-video-preview:-1\" \/>\n<link rel=\"canonical\" href=\"https:\/\/dantepraga.cz\/it\/2024\/06\/26\/soboty-pro-deti\/\" \/>\n<meta property=\"og:locale\" content=\"it_IT\" \/>\n<meta property=\"og:type\" content=\"article\" \/>\n<meta property=\"og:title\" content=\"ITALSK\u00c9 SOBOTY PRO D\u011aTI V DANTE - Dante Praga\" \/>\n<meta property=\"og:description\" content=\"Ital\u0161tina z\u00e1bavnou formou pro v\u0161echny d\u011bti 4-11 let, kter\u00e9 se u\u010d\u00ed ital\u0161tinu, jsou bilingvn\u00ed nebo jsou rodil\u00fdmi mluv\u010d\u00edmi ital\u0161tiny\" \/>\n<meta property=\"og:url\" content=\"https:\/\/dantepraga.cz\/it\/2024\/06\/26\/soboty-pro-deti\/\" \/>\n<meta property=\"og:site_name\" content=\"Dante Praga\" \/>\n<meta property=\"article:publisher\" content=\"https:\/\/www.facebook.com\/dantealighieripraga\/\" \/>\n<meta property=\"article:published_time\" content=\"2024-06-26T13:59:32+00:00\" \/>\n<meta property=\"article:modified_time\" content=\"2026-01-25T16:28:44+00:00\" \/>\n<meta property=\"og:image\" content=\"https:\/\/dantepraga.cz\/wp-content\/uploads\/2024\/06\/Volantino-sabati-italiani-2026-ceco-e1769357632538.png\" \/>\n\t<meta property=\"og:image:width\" content=\"250\" \/>\n\t<meta property=\"og:image:height\" content=\"354\" \/>\n\t<meta property=\"og:image:type\" content=\"image\/png\" \/>\n<meta name=\"author\" content=\"novak@mycat.cz\" \/>\n<meta name=\"twitter:card\" content=\"summary_large_image\" \/>\n<meta name=\"twitter:label1\" content=\"Scritto da\" \/>\n\t<meta name=\"twitter:data1\" content=\"novak@mycat.cz\" \/>\n\t<meta name=\"twitter:label2\" content=\"Tempo di lettura stimato\" \/>\n\t<meta name=\"twitter:data2\" content=\"2 minuti\" \/>\n<script type=\"application\/ld+json\" class=\"yoast-schema-graph\">{\"@context\":\"https:\/\/schema.org\",\"@graph\":[{\"@type\":\"Article\",\"@id\":\"https:\/\/dantepraga.cz\/2024\/06\/26\/soboty-pro-deti\/#article\",\"isPartOf\":{\"@id\":\"https:\/\/dantepraga.cz\/2024\/06\/26\/soboty-pro-deti\/\"},\"author\":{\"name\":\"novak@mycat.cz\",\"@id\":\"https:\/\/dantepraga.cz\/#\/schema\/person\/cb3a2e38e96966403565d1369eaac332\"},\"headline\":\"ITALSK\u00c9 SOBOTY PRO D\u011aTI V DANTE\",\"datePublished\":\"2024-06-26T13:59:32+00:00\",\"dateModified\":\"2026-01-25T16:28:44+00:00\",\"mainEntityOfPage\":{\"@id\":\"https:\/\/dantepraga.cz\/2024\/06\/26\/soboty-pro-deti\/\"},\"wordCount\":207,\"commentCount\":0,\"publisher\":{\"@id\":\"https:\/\/dantepraga.cz\/#organization\"},\"image\":{\"@id\":\"https:\/\/dantepraga.cz\/2024\/06\/26\/soboty-pro-deti\/#primaryimage\"},\"thumbnailUrl\":\"https:\/\/dantepraga.cz\/wp-content\/uploads\/2024\/06\/Volantino-sabati-italiani-2026-ceco-e1769357632538.png\",\"articleSection\":[\"News\"],\"inLanguage\":\"it-IT\",\"potentialAction\":[{\"@type\":\"CommentAction\",\"name\":\"Comment\",\"target\":[\"https:\/\/dantepraga.cz\/2024\/06\/26\/soboty-pro-deti\/#respond\"]}]},{\"@type\":\"WebPage\",\"@id\":\"https:\/\/dantepraga.cz\/2024\/06\/26\/soboty-pro-deti\/\",\"url\":\"https:\/\/dantepraga.cz\/2024\/06\/26\/soboty-pro-deti\/\",\"name\":\"ITALSK\u00c9 SOBOTY PRO D\u011aTI V DANTE - Dante Praga\",\"isPartOf\":{\"@id\":\"https:\/\/dantepraga.cz\/#website\"},\"primaryImageOfPage\":{\"@id\":\"https:\/\/dantepraga.cz\/2024\/06\/26\/soboty-pro-deti\/#primaryimage\"},\"image\":{\"@id\":\"https:\/\/dantepraga.cz\/2024\/06\/26\/soboty-pro-deti\/#primaryimage\"},\"thumbnailUrl\":\"https:\/\/dantepraga.cz\/wp-content\/uploads\/2024\/06\/Volantino-sabati-italiani-2026-ceco-e1769357632538.png\",\"datePublished\":\"2024-06-26T13:59:32+00:00\",\"dateModified\":\"2026-01-25T16:28:44+00:00\",\"description\":\"Ital\u0161tina z\u00e1bavnou formou pro v\u0161echny d\u011bti 4-11 let, kter\u00e9 se u\u010d\u00ed ital\u0161tinu, jsou bilingvn\u00ed nebo jsou rodil\u00fdmi mluv\u010d\u00edmi ital\u0161tiny\",\"breadcrumb\":{\"@id\":\"https:\/\/dantepraga.cz\/2024\/06\/26\/soboty-pro-deti\/#breadcrumb\"},\"inLanguage\":\"it-IT\",\"potentialAction\":[{\"@type\":\"ReadAction\",\"target\":[\"https:\/\/dantepraga.cz\/2024\/06\/26\/soboty-pro-deti\/\"]}]},{\"@type\":\"ImageObject\",\"inLanguage\":\"it-IT\",\"@id\":\"https:\/\/dantepraga.cz\/2024\/06\/26\/soboty-pro-deti\/#primaryimage\",\"url\":\"https:\/\/dantepraga.cz\/wp-content\/uploads\/2024\/06\/Volantino-sabati-italiani-2026-ceco-e1769357632538.png\",\"contentUrl\":\"https:\/\/dantepraga.cz\/wp-content\/uploads\/2024\/06\/Volantino-sabati-italiani-2026-ceco-e1769357632538.png\",\"width\":250,\"height\":354,\"caption\":\"Italsk\u00e9 soboty\"},{\"@type\":\"BreadcrumbList\",\"@id\":\"https:\/\/dantepraga.cz\/2024\/06\/26\/soboty-pro-deti\/#breadcrumb\",\"itemListElement\":[{\"@type\":\"ListItem\",\"position\":1,\"name\":\"Home\",\"item\":\"https:\/\/dantepraga.cz\/\"},{\"@type\":\"ListItem\",\"position\":2,\"name\":\"ITALSK\u00c9 SOBOTY PRO D\u011aTI V DANTE\"}]},{\"@type\":\"WebSite\",\"@id\":\"https:\/\/dantepraga.cz\/#website\",\"url\":\"https:\/\/dantepraga.cz\/\",\"name\":\"Dante Praga\",\"description\":\"\",\"publisher\":{\"@id\":\"https:\/\/dantepraga.cz\/#organization\"},\"alternateName\":\"SOCIET\u00c0 DANTE ALIGHIERI\",\"potentialAction\":[{\"@type\":\"SearchAction\",\"target\":{\"@type\":\"EntryPoint\",\"urlTemplate\":\"https:\/\/dantepraga.cz\/?s={search_term_string}\"},\"query-input\":{\"@type\":\"PropertyValueSpecification\",\"valueRequired\":true,\"valueName\":\"search_term_string\"}}],\"inLanguage\":\"it-IT\"},{\"@type\":\"Organization\",\"@id\":\"https:\/\/dantepraga.cz\/#organization\",\"name\":\"Dante Praga\",\"url\":\"https:\/\/dantepraga.cz\/\",\"logo\":{\"@type\":\"ImageObject\",\"inLanguage\":\"it-IT\",\"@id\":\"https:\/\/dantepraga.cz\/#\/schema\/logo\/image\/\",\"url\":\"https:\/\/dantepraga.cz\/wp-content\/uploads\/2025\/04\/cropped-logo-dantepraga-new.png\",\"contentUrl\":\"https:\/\/dantepraga.cz\/wp-content\/uploads\/2025\/04\/cropped-logo-dantepraga-new.png\",\"width\":400,\"height\":136,\"caption\":\"Dante Praga\"},\"image\":{\"@id\":\"https:\/\/dantepraga.cz\/#\/schema\/logo\/image\/\"},\"sameAs\":[\"https:\/\/www.facebook.com\/dantealighieripraga\/\"]},{\"@type\":\"Person\",\"@id\":\"https:\/\/dantepraga.cz\/#\/schema\/person\/cb3a2e38e96966403565d1369eaac332\",\"name\":\"novak@mycat.cz\",\"image\":{\"@type\":\"ImageObject\",\"inLanguage\":\"it-IT\",\"@id\":\"https:\/\/dantepraga.cz\/#\/schema\/person\/image\/\",\"url\":\"https:\/\/secure.gravatar.com\/avatar\/59a9cac27c2691898d0d67b6af06d73974a7ace3b8843842695eb23108c39b76?s=96&d=mm&r=g\",\"contentUrl\":\"https:\/\/secure.gravatar.com\/avatar\/59a9cac27c2691898d0d67b6af06d73974a7ace3b8843842695eb23108c39b76?s=96&d=mm&r=g\",\"caption\":\"novak@mycat.cz\"},\"sameAs\":[\"https:\/\/dantepraga.cz\"],\"url\":\"https:\/\/dantepraga.cz\/it\/author\/novakmycat-cz\/\"}]}<\/script>\n<!-- \/ Yoast SEO plugin. -->","yoast_head_json":{"title":"ITALSK\u00c9 SOBOTY PRO D\u011aTI V DANTE - Dante Praga","description":"Ital\u0161tina z\u00e1bavnou formou pro v\u0161echny d\u011bti 4-11 let, kter\u00e9 se u\u010d\u00ed ital\u0161tinu, jsou bilingvn\u00ed nebo jsou rodil\u00fdmi mluv\u010d\u00edmi ital\u0161tiny","robots":{"index":"index","follow":"follow","max-snippet":"max-snippet:-1","max-image-preview":"max-image-preview:large","max-video-preview":"max-video-preview:-1"},"canonical":"https:\/\/dantepraga.cz\/it\/2024\/06\/26\/soboty-pro-deti\/","og_locale":"it_IT","og_type":"article","og_title":"ITALSK\u00c9 SOBOTY PRO D\u011aTI V DANTE - Dante Praga","og_description":"Ital\u0161tina z\u00e1bavnou formou pro v\u0161echny d\u011bti 4-11 let, kter\u00e9 se u\u010d\u00ed ital\u0161tinu, jsou bilingvn\u00ed nebo jsou rodil\u00fdmi mluv\u010d\u00edmi ital\u0161tiny","og_url":"https:\/\/dantepraga.cz\/it\/2024\/06\/26\/soboty-pro-deti\/","og_site_name":"Dante Praga","article_publisher":"https:\/\/www.facebook.com\/dantealighieripraga\/","article_published_time":"2024-06-26T13:59:32+00:00","article_modified_time":"2026-01-25T16:28:44+00:00","og_image":[{"width":250,"height":354,"url":"https:\/\/dantepraga.cz\/wp-content\/uploads\/2024\/06\/Volantino-sabati-italiani-2026-ceco-e1769357632538.png","type":"image\/png"}],"author":"novak@mycat.cz","twitter_card":"summary_large_image","twitter_misc":{"Scritto da":"novak@mycat.cz","Tempo di lettura stimato":"2 minuti"},"schema":{"@context":"https:\/\/schema.org","@graph":[{"@type":"Article","@id":"https:\/\/dantepraga.cz\/2024\/06\/26\/soboty-pro-deti\/#article","isPartOf":{"@id":"https:\/\/dantepraga.cz\/2024\/06\/26\/soboty-pro-deti\/"},"author":{"name":"novak@mycat.cz","@id":"https:\/\/dantepraga.cz\/#\/schema\/person\/cb3a2e38e96966403565d1369eaac332"},"headline":"ITALSK\u00c9 SOBOTY PRO D\u011aTI V DANTE","datePublished":"2024-06-26T13:59:32+00:00","dateModified":"2026-01-25T16:28:44+00:00","mainEntityOfPage":{"@id":"https:\/\/dantepraga.cz\/2024\/06\/26\/soboty-pro-deti\/"},"wordCount":207,"commentCount":0,"publisher":{"@id":"https:\/\/dantepraga.cz\/#organization"},"image":{"@id":"https:\/\/dantepraga.cz\/2024\/06\/26\/soboty-pro-deti\/#primaryimage"},"thumbnailUrl":"https:\/\/dantepraga.cz\/wp-content\/uploads\/2024\/06\/Volantino-sabati-italiani-2026-ceco-e1769357632538.png","articleSection":["News"],"inLanguage":"it-IT","potentialAction":[{"@type":"CommentAction","name":"Comment","target":["https:\/\/dantepraga.cz\/2024\/06\/26\/soboty-pro-deti\/#respond"]}]},{"@type":"WebPage","@id":"https:\/\/dantepraga.cz\/2024\/06\/26\/soboty-pro-deti\/","url":"https:\/\/dantepraga.cz\/2024\/06\/26\/soboty-pro-deti\/","name":"ITALSK\u00c9 SOBOTY PRO D\u011aTI V DANTE - Dante Praga","isPartOf":{"@id":"https:\/\/dantepraga.cz\/#website"},"primaryImageOfPage":{"@id":"https:\/\/dantepraga.cz\/2024\/06\/26\/soboty-pro-deti\/#primaryimage"},"image":{"@id":"https:\/\/dantepraga.cz\/2024\/06\/26\/soboty-pro-deti\/#primaryimage"},"thumbnailUrl":"https:\/\/dantepraga.cz\/wp-content\/uploads\/2024\/06\/Volantino-sabati-italiani-2026-ceco-e1769357632538.png","datePublished":"2024-06-26T13:59:32+00:00","dateModified":"2026-01-25T16:28:44+00:00","description":"Ital\u0161tina z\u00e1bavnou formou pro v\u0161echny d\u011bti 4-11 let, kter\u00e9 se u\u010d\u00ed ital\u0161tinu, jsou bilingvn\u00ed nebo jsou rodil\u00fdmi mluv\u010d\u00edmi ital\u0161tiny","breadcrumb":{"@id":"https:\/\/dantepraga.cz\/2024\/06\/26\/soboty-pro-deti\/#breadcrumb"},"inLanguage":"it-IT","potentialAction":[{"@type":"ReadAction","target":["https:\/\/dantepraga.cz\/2024\/06\/26\/soboty-pro-deti\/"]}]},{"@type":"ImageObject","inLanguage":"it-IT","@id":"https:\/\/dantepraga.cz\/2024\/06\/26\/soboty-pro-deti\/#primaryimage","url":"https:\/\/dantepraga.cz\/wp-content\/uploads\/2024\/06\/Volantino-sabati-italiani-2026-ceco-e1769357632538.png","contentUrl":"https:\/\/dantepraga.cz\/wp-content\/uploads\/2024\/06\/Volantino-sabati-italiani-2026-ceco-e1769357632538.png","width":250,"height":354,"caption":"Italsk\u00e9 soboty"},{"@type":"BreadcrumbList","@id":"https:\/\/dantepraga.cz\/2024\/06\/26\/soboty-pro-deti\/#breadcrumb","itemListElement":[{"@type":"ListItem","position":1,"name":"Home","item":"https:\/\/dantepraga.cz\/"},{"@type":"ListItem","position":2,"name":"ITALSK\u00c9 SOBOTY PRO D\u011aTI V DANTE"}]},{"@type":"WebSite","@id":"https:\/\/dantepraga.cz\/#website","url":"https:\/\/dantepraga.cz\/","name":"Dante Praga","description":"","publisher":{"@id":"https:\/\/dantepraga.cz\/#organization"},"alternateName":"SOCIET\u00c0 DANTE ALIGHIERI","potentialAction":[{"@type":"SearchAction","target":{"@type":"EntryPoint","urlTemplate":"https:\/\/dantepraga.cz\/?s={search_term_string}"},"query-input":{"@type":"PropertyValueSpecification","valueRequired":true,"valueName":"search_term_string"}}],"inLanguage":"it-IT"},{"@type":"Organization","@id":"https:\/\/dantepraga.cz\/#organization","name":"Dante Praga","url":"https:\/\/dantepraga.cz\/","logo":{"@type":"ImageObject","inLanguage":"it-IT","@id":"https:\/\/dantepraga.cz\/#\/schema\/logo\/image\/","url":"https:\/\/dantepraga.cz\/wp-content\/uploads\/2025\/04\/cropped-logo-dantepraga-new.png","contentUrl":"https:\/\/dantepraga.cz\/wp-content\/uploads\/2025\/04\/cropped-logo-dantepraga-new.png","width":400,"height":136,"caption":"Dante Praga"},"image":{"@id":"https:\/\/dantepraga.cz\/#\/schema\/logo\/image\/"},"sameAs":["https:\/\/www.facebook.com\/dantealighieripraga\/"]},{"@type":"Person","@id":"https:\/\/dantepraga.cz\/#\/schema\/person\/cb3a2e38e96966403565d1369eaac332","name":"novak@mycat.cz","image":{"@type":"ImageObject","inLanguage":"it-IT","@id":"https:\/\/dantepraga.cz\/#\/schema\/person\/image\/","url":"https:\/\/secure.gravatar.com\/avatar\/59a9cac27c2691898d0d67b6af06d73974a7ace3b8843842695eb23108c39b76?s=96&d=mm&r=g","contentUrl":"https:\/\/secure.gravatar.com\/avatar\/59a9cac27c2691898d0d67b6af06d73974a7ace3b8843842695eb23108c39b76?s=96&d=mm&r=g","caption":"novak@mycat.cz"},"sameAs":["https:\/\/dantepraga.cz"],"url":"https:\/\/dantepraga.cz\/it\/author\/novakmycat-cz\/"}]}},"_links":{"self":[{"href":"https:\/\/dantepraga.cz\/it\/wp-json\/wp\/v2\/posts\/3325","targetHints":{"allow":["GET"]}}],"collection":[{"href":"https:\/\/dantepraga.cz\/it\/wp-json\/wp\/v2\/posts"}],"about":[{"href":"https:\/\/dantepraga.cz\/it\/wp-json\/wp\/v2\/types\/post"}],"author":[{"embeddable":true,"href":"https:\/\/dantepraga.cz\/it\/wp-json\/wp\/v2\/users\/1"}],"replies":[{"embeddable":true,"href":"https:\/\/dantepraga.cz\/it\/wp-json\/wp\/v2\/comments?post=3325"}],"version-history":[{"count":8,"href":"https:\/\/dantepraga.cz\/it\/wp-json\/wp\/v2\/posts\/3325\/revisions"}],"predecessor-version":[{"id":9058,"href":"https:\/\/dantepraga.cz\/it\/wp-json\/wp\/v2\/posts\/3325\/revisions\/9058"}],"wp:featuredmedia":[{"embeddable":true,"href":"https:\/\/dantepraga.cz\/it\/wp-json\/wp\/v2\/media\/9049"}],"wp:attachment":[{"href":"https:\/\/dantepraga.cz\/it\/wp-json\/wp\/v2\/media?parent=3325"}],"wp:term":[{"taxonomy":"category","embeddable":true,"href":"https:\/\/dantepraga.cz\/it\/wp-json\/wp\/v2\/categories?post=3325"},{"taxonomy":"post_tag","embeddable":true,"href":"https:\/\/dantepraga.cz\/it\/wp-json\/wp\/v2\/tags?post=3325"}],"curies":[{"name":"wp","href":"https:\/\/api.w.org\/{rel}","templated":true}]}}