{"id":7050,"date":"2024-09-03T15:33:34","date_gmt":"2024-09-03T15:33:34","guid":{"rendered":"https:\/\/dantepraga.cz\/?p=7050"},"modified":"2026-04-21T15:06:34","modified_gmt":"2026-04-21T15:06:34","slug":"kurzy-italstiny","status":"publish","type":"post","link":"https:\/\/dantepraga.cz\/it\/2024\/09\/03\/kurzy-italstiny\/","title":{"rendered":"CORSI D'ITALIANO (ESTATE 2026)"},"content":{"rendered":"<div data-elementor-type=\"wp-post\" data-elementor-id=\"7050\" class=\"elementor elementor-7050\" data-elementor-post-type=\"post\">\n\t\t\t\t<div class=\"elementor-element elementor-element-eed7b18 e-flex e-con-boxed e-con e-parent\" data-id=\"eed7b18\" data-element_type=\"container\">\n\t\t\t\t\t<div class=\"e-con-inner\">\n\t\t<div class=\"elementor-element elementor-element-e1b21bb e-flex e-con-boxed e-con e-child\" data-id=\"e1b21bb\" data-element_type=\"container\">\n\t\t\t\t\t<div class=\"e-con-inner\">\n\t\t<div class=\"elementor-element elementor-element-1faf37d e-flex e-con-boxed e-con e-child\" data-id=\"1faf37d\" data-element_type=\"container\">\n\t\t\t\t\t<div class=\"e-con-inner\">\n\t\t\t\t<div class=\"elementor-element elementor-element-c5da2c7 elementor-widget__width-initial elementor-widget elementor-widget-heading\" data-id=\"c5da2c7\" data-element_type=\"widget\" data-widget_type=\"heading.default\">\n\t\t\t\t<div class=\"elementor-widget-container\">\n\t\t\t<h2 class=\"elementor-heading-title elementor-size-default\">CORSI D'ITALIANO (ESTATE 2026)<\/h2>\t\t<\/div>\n\t\t\t\t<\/div>\n\t\t\t\t\t<\/div>\n\t\t\t\t<\/div>\n\t\t\t\t<div class=\"elementor-element elementor-element-c3a3743 elementor-widget elementor-widget-text-editor\" data-id=\"c3a3743\" data-element_type=\"widget\" data-widget_type=\"text-editor.default\">\n\t\t\t\t<div class=\"elementor-widget-container\">\n\t\t\t\t\t\t\t<p>L'estate sta arrivando e noi siamo pronti ad accoglierla con tanti corsi pensati apposta per voi. Corsi per tutti i livelli, di conversazione, grammatica... Pensate di non avere tempo? Niente paura, potete scegliere fra corsi online o in presenza di 4, 5, 6 lezioni. Guardate il nostro programma e lasciatevi ispirare. E se avete domande non esitate a contattarci per email a <a href=\"mailto:corsi@dantepraga.cz\">corsi@dantepraga.cz<\/a> o al tel. +420 773034030.<\/p><p><span class=\"HwtZe\" lang=\"cs\"> <span class=\"jCAhz ChMk0b\"><span class=\"ryNqvb\">Seguiteci su \u00a0<a href=\"https:\/\/www.facebook.com\/dantealighieripraga\/\">Facebook <\/a>e <a href=\"https:\/\/www.instagram.com\/?hl=it\">Instagram<\/a>: come sempre prepariamo per voi molte sorprese interessanti!<\/span><\/span><\/span><\/p>\t\t\t\t\t\t<\/div>\n\t\t\t\t<\/div>\n\t\t\t\t\t<\/div>\n\t\t\t\t<\/div>\n\t\t\t\t\t<\/div>\n\t\t\t\t<\/div>\n\t\t<div class=\"elementor-element elementor-element-5fb6212 e-flex e-con-boxed e-con e-parent\" data-id=\"5fb6212\" data-element_type=\"container\">\n\t\t\t\t\t<div class=\"e-con-inner\">\n\t\t\t\t<div class=\"elementor-element elementor-element-38ac230 elementor-widget elementor-widget-image\" data-id=\"38ac230\" data-element_type=\"widget\" data-widget_type=\"image.default\">\n\t\t\t\t<div class=\"elementor-widget-container\">\n\t\t\t\t\t\t\t\t\t\t\t\t\t<img fetchpriority=\"high\" decoding=\"async\" width=\"212\" height=\"300\" src=\"https:\/\/dantepraga.cz\/wp-content\/uploads\/2025\/08\/Letni-kurzy-2026-212x300.png\" class=\"attachment-medium size-medium wp-image-9249\" alt=\"leto\" srcset=\"https:\/\/dantepraga.cz\/wp-content\/uploads\/2025\/08\/Letni-kurzy-2026-212x300.png 212w, https:\/\/dantepraga.cz\/wp-content\/uploads\/2025\/08\/Letni-kurzy-2026-722x1024.png 722w, https:\/\/dantepraga.cz\/wp-content\/uploads\/2025\/08\/Letni-kurzy-2026-768x1089.png 768w, https:\/\/dantepraga.cz\/wp-content\/uploads\/2025\/08\/Letni-kurzy-2026-1083x1536.png 1083w, https:\/\/dantepraga.cz\/wp-content\/uploads\/2025\/08\/Letni-kurzy-2026-8x12.png 8w, https:\/\/dantepraga.cz\/wp-content\/uploads\/2025\/08\/Letni-kurzy-2026-e1776783753692.png 200w\" sizes=\"(max-width: 212px) 100vw, 212px\" \/>\t\t\t\t\t\t\t\t\t\t\t\t\t<\/div>\n\t\t\t\t<\/div>\n\t\t\t\t\t<\/div>\n\t\t\t\t<\/div>\n\t\t\t\t<\/div>","protected":false},"excerpt":{"rendered":"<p>L\u00e9to se bl\u00ed\u017e\u00ed a my jsme p\u0159ipraveni ho p\u0159iv\u00edtat s mnoha kurzy ur\u010den\u00fdmi speci\u00e1ln\u011b pro v\u00e1s. Kurzy pro v\u0161echny \u00farovn\u011b, konverzace, gramatika\u2026 Mysl\u00edte si, \u017ee nebudete mit \u010das? Nebojte se, m\u016f\u017eete si vybrat mezi online nebo prezenc\u00edmi kurzy v rozsahu 4, 5 nebo 6 lekc\u00ed. Pod\u00edvejte se na n\u00e1\u0161 program a nechte se inspirovat. A pokud m\u00e1te jak\u00e9koli dotazy, nev\u00e1hejte n\u00e1s kontaktovat e-mailem na corsi@dantepraga.cz nebo na tel. +420 773034030.<br \/>\nSledujte n\u00e1s na  Facebook a Instagram: jako v\u017edy pro v\u00e1s chyst\u00e1me mnoho zaj\u00edmav\u00fdch aktivit!<\/p>","protected":false},"author":5,"featured_media":9249,"comment_status":"open","ping_status":"closed","sticky":false,"template":"","format":"standard","meta":{"footnotes":""},"categories":[11],"tags":[],"class_list":["post-7050","post","type-post","status-publish","format-standard","has-post-thumbnail","hentry","category-news","entry","has-media"],"yoast_head":"<!-- This site is optimized with the Yoast SEO plugin v26.8 - https:\/\/yoast.com\/product\/yoast-seo-wordpress\/ -->\n<title>KURZY ITAL\u0160TINY (L\u00c9TO 2026) - Dante Praga<\/title>\n<meta name=\"description\" content=\"L\u00e9to se bl\u00ed\u017e\u00ed a my jsme p\u0159ipraveni ho p\u0159iv\u00edtat s mnoha kurzy ur\u010den\u00fdmi speci\u00e1ln\u011b pro v\u00e1s. Kurzy pro v\u0161echny \u00farovn\u011b, konverzace, gramatika\u2026\" \/>\n<meta name=\"robots\" content=\"index, follow, max-snippet:-1, max-image-preview:large, max-video-preview:-1\" \/>\n<link rel=\"canonical\" href=\"https:\/\/dantepraga.cz\/it\/2024\/09\/03\/kurzy-italstiny\/\" \/>\n<meta property=\"og:locale\" content=\"it_IT\" \/>\n<meta property=\"og:type\" content=\"article\" \/>\n<meta property=\"og:title\" content=\"KURZY ITAL\u0160TINY (L\u00c9TO 2026) - Dante Praga\" \/>\n<meta property=\"og:description\" content=\"L\u00e9to se bl\u00ed\u017e\u00ed a my jsme p\u0159ipraveni ho p\u0159iv\u00edtat s mnoha kurzy ur\u010den\u00fdmi speci\u00e1ln\u011b pro v\u00e1s. Kurzy pro v\u0161echny \u00farovn\u011b, konverzace, gramatika\u2026\" \/>\n<meta property=\"og:url\" content=\"https:\/\/dantepraga.cz\/it\/2024\/09\/03\/kurzy-italstiny\/\" \/>\n<meta property=\"og:site_name\" content=\"Dante Praga\" \/>\n<meta property=\"article:publisher\" content=\"https:\/\/www.facebook.com\/dantealighieripraga\/\" \/>\n<meta property=\"article:published_time\" content=\"2024-09-03T15:33:34+00:00\" \/>\n<meta property=\"article:modified_time\" content=\"2026-04-21T15:06:34+00:00\" \/>\n<meta property=\"og:image\" content=\"https:\/\/dantepraga.cz\/wp-content\/uploads\/2025\/08\/Letni-kurzy-2026-e1776783753692.png\" \/>\n\t<meta property=\"og:image:width\" content=\"200\" \/>\n\t<meta property=\"og:image:height\" content=\"284\" \/>\n\t<meta property=\"og:image:type\" content=\"image\/png\" \/>\n<meta name=\"author\" content=\"Monia Camuglia\" \/>\n<meta name=\"twitter:card\" content=\"summary_large_image\" \/>\n<meta name=\"twitter:label1\" content=\"Scritto da\" \/>\n\t<meta name=\"twitter:data1\" content=\"Monia Camuglia\" \/>\n\t<meta name=\"twitter:label2\" content=\"Tempo di lettura stimato\" \/>\n\t<meta name=\"twitter:data2\" content=\"1 minuto\" \/>\n<script type=\"application\/ld+json\" class=\"yoast-schema-graph\">{\"@context\":\"https:\/\/schema.org\",\"@graph\":[{\"@type\":\"Article\",\"@id\":\"https:\/\/dantepraga.cz\/2024\/09\/03\/kurzy-italstiny\/#article\",\"isPartOf\":{\"@id\":\"https:\/\/dantepraga.cz\/2024\/09\/03\/kurzy-italstiny\/\"},\"author\":{\"name\":\"Monia Camuglia\",\"@id\":\"https:\/\/dantepraga.cz\/#\/schema\/person\/641de1a16876874fc0c317de76b6662f\"},\"headline\":\"KURZY ITAL\u0160TINY (L\u00c9TO 2026)\",\"datePublished\":\"2024-09-03T15:33:34+00:00\",\"dateModified\":\"2026-04-21T15:06:34+00:00\",\"mainEntityOfPage\":{\"@id\":\"https:\/\/dantepraga.cz\/2024\/09\/03\/kurzy-italstiny\/\"},\"wordCount\":114,\"commentCount\":0,\"publisher\":{\"@id\":\"https:\/\/dantepraga.cz\/#organization\"},\"image\":{\"@id\":\"https:\/\/dantepraga.cz\/2024\/09\/03\/kurzy-italstiny\/#primaryimage\"},\"thumbnailUrl\":\"https:\/\/dantepraga.cz\/wp-content\/uploads\/2025\/08\/Letni-kurzy-2026-e1776783753692.png\",\"articleSection\":[\"News\"],\"inLanguage\":\"it-IT\",\"potentialAction\":[{\"@type\":\"CommentAction\",\"name\":\"Comment\",\"target\":[\"https:\/\/dantepraga.cz\/2024\/09\/03\/kurzy-italstiny\/#respond\"]}]},{\"@type\":\"WebPage\",\"@id\":\"https:\/\/dantepraga.cz\/2024\/09\/03\/kurzy-italstiny\/\",\"url\":\"https:\/\/dantepraga.cz\/2024\/09\/03\/kurzy-italstiny\/\",\"name\":\"KURZY ITAL\u0160TINY (L\u00c9TO 2026) - Dante Praga\",\"isPartOf\":{\"@id\":\"https:\/\/dantepraga.cz\/#website\"},\"primaryImageOfPage\":{\"@id\":\"https:\/\/dantepraga.cz\/2024\/09\/03\/kurzy-italstiny\/#primaryimage\"},\"image\":{\"@id\":\"https:\/\/dantepraga.cz\/2024\/09\/03\/kurzy-italstiny\/#primaryimage\"},\"thumbnailUrl\":\"https:\/\/dantepraga.cz\/wp-content\/uploads\/2025\/08\/Letni-kurzy-2026-e1776783753692.png\",\"datePublished\":\"2024-09-03T15:33:34+00:00\",\"dateModified\":\"2026-04-21T15:06:34+00:00\",\"description\":\"L\u00e9to se bl\u00ed\u017e\u00ed a my jsme p\u0159ipraveni ho p\u0159iv\u00edtat s mnoha kurzy ur\u010den\u00fdmi speci\u00e1ln\u011b pro v\u00e1s. Kurzy pro v\u0161echny \u00farovn\u011b, konverzace, gramatika\u2026\",\"breadcrumb\":{\"@id\":\"https:\/\/dantepraga.cz\/2024\/09\/03\/kurzy-italstiny\/#breadcrumb\"},\"inLanguage\":\"it-IT\",\"potentialAction\":[{\"@type\":\"ReadAction\",\"target\":[\"https:\/\/dantepraga.cz\/2024\/09\/03\/kurzy-italstiny\/\"]}]},{\"@type\":\"ImageObject\",\"inLanguage\":\"it-IT\",\"@id\":\"https:\/\/dantepraga.cz\/2024\/09\/03\/kurzy-italstiny\/#primaryimage\",\"url\":\"https:\/\/dantepraga.cz\/wp-content\/uploads\/2025\/08\/Letni-kurzy-2026-e1776783753692.png\",\"contentUrl\":\"https:\/\/dantepraga.cz\/wp-content\/uploads\/2025\/08\/Letni-kurzy-2026-e1776783753692.png\",\"width\":200,\"height\":284,\"caption\":\"leto\"},{\"@type\":\"BreadcrumbList\",\"@id\":\"https:\/\/dantepraga.cz\/2024\/09\/03\/kurzy-italstiny\/#breadcrumb\",\"itemListElement\":[{\"@type\":\"ListItem\",\"position\":1,\"name\":\"Home\",\"item\":\"https:\/\/dantepraga.cz\/\"},{\"@type\":\"ListItem\",\"position\":2,\"name\":\"KURZY ITAL\u0160TINY (L\u00c9TO 2026)\"}]},{\"@type\":\"WebSite\",\"@id\":\"https:\/\/dantepraga.cz\/#website\",\"url\":\"https:\/\/dantepraga.cz\/\",\"name\":\"Dante Praga\",\"description\":\"\",\"publisher\":{\"@id\":\"https:\/\/dantepraga.cz\/#organization\"},\"alternateName\":\"SOCIET\u00c0 DANTE ALIGHIERI\",\"potentialAction\":[{\"@type\":\"SearchAction\",\"target\":{\"@type\":\"EntryPoint\",\"urlTemplate\":\"https:\/\/dantepraga.cz\/?s={search_term_string}\"},\"query-input\":{\"@type\":\"PropertyValueSpecification\",\"valueRequired\":true,\"valueName\":\"search_term_string\"}}],\"inLanguage\":\"it-IT\"},{\"@type\":\"Organization\",\"@id\":\"https:\/\/dantepraga.cz\/#organization\",\"name\":\"Dante Praga\",\"url\":\"https:\/\/dantepraga.cz\/\",\"logo\":{\"@type\":\"ImageObject\",\"inLanguage\":\"it-IT\",\"@id\":\"https:\/\/dantepraga.cz\/#\/schema\/logo\/image\/\",\"url\":\"https:\/\/dantepraga.cz\/wp-content\/uploads\/2025\/04\/cropped-logo-dantepraga-new.png\",\"contentUrl\":\"https:\/\/dantepraga.cz\/wp-content\/uploads\/2025\/04\/cropped-logo-dantepraga-new.png\",\"width\":400,\"height\":136,\"caption\":\"Dante Praga\"},\"image\":{\"@id\":\"https:\/\/dantepraga.cz\/#\/schema\/logo\/image\/\"},\"sameAs\":[\"https:\/\/www.facebook.com\/dantealighieripraga\/\"]},{\"@type\":\"Person\",\"@id\":\"https:\/\/dantepraga.cz\/#\/schema\/person\/641de1a16876874fc0c317de76b6662f\",\"name\":\"Monia Camuglia\",\"image\":{\"@type\":\"ImageObject\",\"inLanguage\":\"it-IT\",\"@id\":\"https:\/\/dantepraga.cz\/#\/schema\/person\/image\/\",\"url\":\"https:\/\/secure.gravatar.com\/avatar\/d27a0c3fb96a2bd3a4bf7e5a9d56612dc03384d05b1532d473b5115ada5d9640?s=96&d=mm&r=g\",\"contentUrl\":\"https:\/\/secure.gravatar.com\/avatar\/d27a0c3fb96a2bd3a4bf7e5a9d56612dc03384d05b1532d473b5115ada5d9640?s=96&d=mm&r=g\",\"caption\":\"Monia Camuglia\"},\"url\":\"https:\/\/dantepraga.cz\/it\/author\/presidentedantepraga-cz\/\"}]}<\/script>\n<!-- \/ Yoast SEO plugin. -->","yoast_head_json":{"title":"KURZY ITAL\u0160TINY (L\u00c9TO 2026) - Dante Praga","description":"L\u00e9to se bl\u00ed\u017e\u00ed a my jsme p\u0159ipraveni ho p\u0159iv\u00edtat s mnoha kurzy ur\u010den\u00fdmi speci\u00e1ln\u011b pro v\u00e1s. Kurzy pro v\u0161echny \u00farovn\u011b, konverzace, gramatika\u2026","robots":{"index":"index","follow":"follow","max-snippet":"max-snippet:-1","max-image-preview":"max-image-preview:large","max-video-preview":"max-video-preview:-1"},"canonical":"https:\/\/dantepraga.cz\/it\/2024\/09\/03\/kurzy-italstiny\/","og_locale":"it_IT","og_type":"article","og_title":"KURZY ITAL\u0160TINY (L\u00c9TO 2026) - Dante Praga","og_description":"L\u00e9to se bl\u00ed\u017e\u00ed a my jsme p\u0159ipraveni ho p\u0159iv\u00edtat s mnoha kurzy ur\u010den\u00fdmi speci\u00e1ln\u011b pro v\u00e1s. Kurzy pro v\u0161echny \u00farovn\u011b, konverzace, gramatika\u2026","og_url":"https:\/\/dantepraga.cz\/it\/2024\/09\/03\/kurzy-italstiny\/","og_site_name":"Dante Praga","article_publisher":"https:\/\/www.facebook.com\/dantealighieripraga\/","article_published_time":"2024-09-03T15:33:34+00:00","article_modified_time":"2026-04-21T15:06:34+00:00","og_image":[{"width":200,"height":284,"url":"https:\/\/dantepraga.cz\/wp-content\/uploads\/2025\/08\/Letni-kurzy-2026-e1776783753692.png","type":"image\/png"}],"author":"Monia Camuglia","twitter_card":"summary_large_image","twitter_misc":{"Scritto da":"Monia Camuglia","Tempo di lettura stimato":"1 minuto"},"schema":{"@context":"https:\/\/schema.org","@graph":[{"@type":"Article","@id":"https:\/\/dantepraga.cz\/2024\/09\/03\/kurzy-italstiny\/#article","isPartOf":{"@id":"https:\/\/dantepraga.cz\/2024\/09\/03\/kurzy-italstiny\/"},"author":{"name":"Monia Camuglia","@id":"https:\/\/dantepraga.cz\/#\/schema\/person\/641de1a16876874fc0c317de76b6662f"},"headline":"KURZY ITAL\u0160TINY (L\u00c9TO 2026)","datePublished":"2024-09-03T15:33:34+00:00","dateModified":"2026-04-21T15:06:34+00:00","mainEntityOfPage":{"@id":"https:\/\/dantepraga.cz\/2024\/09\/03\/kurzy-italstiny\/"},"wordCount":114,"commentCount":0,"publisher":{"@id":"https:\/\/dantepraga.cz\/#organization"},"image":{"@id":"https:\/\/dantepraga.cz\/2024\/09\/03\/kurzy-italstiny\/#primaryimage"},"thumbnailUrl":"https:\/\/dantepraga.cz\/wp-content\/uploads\/2025\/08\/Letni-kurzy-2026-e1776783753692.png","articleSection":["News"],"inLanguage":"it-IT","potentialAction":[{"@type":"CommentAction","name":"Comment","target":["https:\/\/dantepraga.cz\/2024\/09\/03\/kurzy-italstiny\/#respond"]}]},{"@type":"WebPage","@id":"https:\/\/dantepraga.cz\/2024\/09\/03\/kurzy-italstiny\/","url":"https:\/\/dantepraga.cz\/2024\/09\/03\/kurzy-italstiny\/","name":"KURZY ITAL\u0160TINY (L\u00c9TO 2026) - Dante Praga","isPartOf":{"@id":"https:\/\/dantepraga.cz\/#website"},"primaryImageOfPage":{"@id":"https:\/\/dantepraga.cz\/2024\/09\/03\/kurzy-italstiny\/#primaryimage"},"image":{"@id":"https:\/\/dantepraga.cz\/2024\/09\/03\/kurzy-italstiny\/#primaryimage"},"thumbnailUrl":"https:\/\/dantepraga.cz\/wp-content\/uploads\/2025\/08\/Letni-kurzy-2026-e1776783753692.png","datePublished":"2024-09-03T15:33:34+00:00","dateModified":"2026-04-21T15:06:34+00:00","description":"L\u00e9to se bl\u00ed\u017e\u00ed a my jsme p\u0159ipraveni ho p\u0159iv\u00edtat s mnoha kurzy ur\u010den\u00fdmi speci\u00e1ln\u011b pro v\u00e1s. Kurzy pro v\u0161echny \u00farovn\u011b, konverzace, gramatika\u2026","breadcrumb":{"@id":"https:\/\/dantepraga.cz\/2024\/09\/03\/kurzy-italstiny\/#breadcrumb"},"inLanguage":"it-IT","potentialAction":[{"@type":"ReadAction","target":["https:\/\/dantepraga.cz\/2024\/09\/03\/kurzy-italstiny\/"]}]},{"@type":"ImageObject","inLanguage":"it-IT","@id":"https:\/\/dantepraga.cz\/2024\/09\/03\/kurzy-italstiny\/#primaryimage","url":"https:\/\/dantepraga.cz\/wp-content\/uploads\/2025\/08\/Letni-kurzy-2026-e1776783753692.png","contentUrl":"https:\/\/dantepraga.cz\/wp-content\/uploads\/2025\/08\/Letni-kurzy-2026-e1776783753692.png","width":200,"height":284,"caption":"leto"},{"@type":"BreadcrumbList","@id":"https:\/\/dantepraga.cz\/2024\/09\/03\/kurzy-italstiny\/#breadcrumb","itemListElement":[{"@type":"ListItem","position":1,"name":"Home","item":"https:\/\/dantepraga.cz\/"},{"@type":"ListItem","position":2,"name":"KURZY ITAL\u0160TINY (L\u00c9TO 2026)"}]},{"@type":"WebSite","@id":"https:\/\/dantepraga.cz\/#website","url":"https:\/\/dantepraga.cz\/","name":"Dante Praga","description":"","publisher":{"@id":"https:\/\/dantepraga.cz\/#organization"},"alternateName":"SOCIET\u00c0 DANTE ALIGHIERI","potentialAction":[{"@type":"SearchAction","target":{"@type":"EntryPoint","urlTemplate":"https:\/\/dantepraga.cz\/?s={search_term_string}"},"query-input":{"@type":"PropertyValueSpecification","valueRequired":true,"valueName":"search_term_string"}}],"inLanguage":"it-IT"},{"@type":"Organization","@id":"https:\/\/dantepraga.cz\/#organization","name":"Dante Praga","url":"https:\/\/dantepraga.cz\/","logo":{"@type":"ImageObject","inLanguage":"it-IT","@id":"https:\/\/dantepraga.cz\/#\/schema\/logo\/image\/","url":"https:\/\/dantepraga.cz\/wp-content\/uploads\/2025\/04\/cropped-logo-dantepraga-new.png","contentUrl":"https:\/\/dantepraga.cz\/wp-content\/uploads\/2025\/04\/cropped-logo-dantepraga-new.png","width":400,"height":136,"caption":"Dante Praga"},"image":{"@id":"https:\/\/dantepraga.cz\/#\/schema\/logo\/image\/"},"sameAs":["https:\/\/www.facebook.com\/dantealighieripraga\/"]},{"@type":"Person","@id":"https:\/\/dantepraga.cz\/#\/schema\/person\/641de1a16876874fc0c317de76b6662f","name":"Monia Camuglia","image":{"@type":"ImageObject","inLanguage":"it-IT","@id":"https:\/\/dantepraga.cz\/#\/schema\/person\/image\/","url":"https:\/\/secure.gravatar.com\/avatar\/d27a0c3fb96a2bd3a4bf7e5a9d56612dc03384d05b1532d473b5115ada5d9640?s=96&d=mm&r=g","contentUrl":"https:\/\/secure.gravatar.com\/avatar\/d27a0c3fb96a2bd3a4bf7e5a9d56612dc03384d05b1532d473b5115ada5d9640?s=96&d=mm&r=g","caption":"Monia Camuglia"},"url":"https:\/\/dantepraga.cz\/it\/author\/presidentedantepraga-cz\/"}]}},"_links":{"self":[{"href":"https:\/\/dantepraga.cz\/it\/wp-json\/wp\/v2\/posts\/7050","targetHints":{"allow":["GET"]}}],"collection":[{"href":"https:\/\/dantepraga.cz\/it\/wp-json\/wp\/v2\/posts"}],"about":[{"href":"https:\/\/dantepraga.cz\/it\/wp-json\/wp\/v2\/types\/post"}],"author":[{"embeddable":true,"href":"https:\/\/dantepraga.cz\/it\/wp-json\/wp\/v2\/users\/5"}],"replies":[{"embeddable":true,"href":"https:\/\/dantepraga.cz\/it\/wp-json\/wp\/v2\/comments?post=7050"}],"version-history":[{"count":41,"href":"https:\/\/dantepraga.cz\/it\/wp-json\/wp\/v2\/posts\/7050\/revisions"}],"predecessor-version":[{"id":9268,"href":"https:\/\/dantepraga.cz\/it\/wp-json\/wp\/v2\/posts\/7050\/revisions\/9268"}],"wp:featuredmedia":[{"embeddable":true,"href":"https:\/\/dantepraga.cz\/it\/wp-json\/wp\/v2\/media\/9249"}],"wp:attachment":[{"href":"https:\/\/dantepraga.cz\/it\/wp-json\/wp\/v2\/media?parent=7050"}],"wp:term":[{"taxonomy":"category","embeddable":true,"href":"https:\/\/dantepraga.cz\/it\/wp-json\/wp\/v2\/categories?post=7050"},{"taxonomy":"post_tag","embeddable":true,"href":"https:\/\/dantepraga.cz\/it\/wp-json\/wp\/v2\/tags?post=7050"}],"curies":[{"name":"wp","href":"https:\/\/api.w.org\/{rel}","templated":true}]}}